{"id":906,"date":"2024-07-03T16:35:11","date_gmt":"2024-07-03T14:35:11","guid":{"rendered":"http:\/\/www.afateresapamies.cat\/wordpress\/?p=906"},"modified":"2024-07-03T16:35:11","modified_gmt":"2024-07-03T14:35:11","slug":"jornada-de-portes-obertes","status":"publish","type":"post","link":"http:\/\/www.afateresapamies.cat\/wordpress\/2024\/07\/03\/jornada-de-portes-obertes\/","title":{"rendered":"Jornada de Portes Obertes"},"content":{"rendered":"\n<p>Com ens agrada mostrar all\u00f2 que som i all\u00f2 que fem&#8230;<\/p>\n\n\n\n<p>Avui ha estat una gran jornada on les fam\u00edlies han pogut veure el nostre Institut i les hem pogut informar de com funciona l&#8217;Afa.<\/p>\n\n\n\n<p>Gr\u00e0cies per compartir amb nosaltres la nostra il\u00b7lusi\u00f3<\/p>\n\n\n\n<figure class=\"wp-block-image size-large\"><img loading=\"lazy\" decoding=\"async\" width=\"1024\" height=\"768\" src=\"http:\/\/www.afateresapamies.cat\/wordpress\/wp-content\/uploads\/2024\/07\/WhatsApp-Image-2024-03-02-at-20.12.16-1024x768.jpeg\" alt=\"\" class=\"wp-image-907\" srcset=\"http:\/\/www.afateresapamies.cat\/wordpress\/wp-content\/uploads\/2024\/07\/WhatsApp-Image-2024-03-02-at-20.12.16-1024x768.jpeg 1024w, http:\/\/www.afateresapamies.cat\/wordpress\/wp-content\/uploads\/2024\/07\/WhatsApp-Image-2024-03-02-at-20.12.16-300x225.jpeg 300w, http:\/\/www.afateresapamies.cat\/wordpress\/wp-content\/uploads\/2024\/07\/WhatsApp-Image-2024-03-02-at-20.12.16-768x576.jpeg 768w, http:\/\/www.afateresapamies.cat\/wordpress\/wp-content\/uploads\/2024\/07\/WhatsApp-Image-2024-03-02-at-20.12.16-1536x1152.jpeg 1536w, http:\/\/www.afateresapamies.cat\/wordpress\/wp-content\/uploads\/2024\/07\/WhatsApp-Image-2024-03-02-at-20.12.16-624x468.jpeg 624w, http:\/\/www.afateresapamies.cat\/wordpress\/wp-content\/uploads\/2024\/07\/WhatsApp-Image-2024-03-02-at-20.12.16.jpeg 1824w\" sizes=\"auto, (max-width: 1024px) 100vw, 1024px\" \/><\/figure>\n","protected":false},"excerpt":{"rendered":"<p>Com ens agrada mostrar all\u00f2 que som i all\u00f2 que fem&#8230; Avui ha estat una gran jornada on les fam\u00edlies han pogut veure el nostre Institut i les hem pogut informar de com funciona l&#8217;Afa. Gr\u00e0cies per compartir amb nosaltres la nostra il\u00b7lusi\u00f3<\/p>\n","protected":false},"author":4,"featured_media":0,"comment_status":"closed","ping_status":"open","sticky":false,"template":"","format":"standard","meta":{"footnotes":""},"categories":[1],"tags":[],"class_list":["post-906","post","type-post","status-publish","format-standard","hentry","category-general"],"_links":{"self":[{"href":"http:\/\/www.afateresapamies.cat\/wordpress\/wp-json\/wp\/v2\/posts\/906","targetHints":{"allow":["GET"]}}],"collection":[{"href":"http:\/\/www.afateresapamies.cat\/wordpress\/wp-json\/wp\/v2\/posts"}],"about":[{"href":"http:\/\/www.afateresapamies.cat\/wordpress\/wp-json\/wp\/v2\/types\/post"}],"author":[{"embeddable":true,"href":"http:\/\/www.afateresapamies.cat\/wordpress\/wp-json\/wp\/v2\/users\/4"}],"replies":[{"embeddable":true,"href":"http:\/\/www.afateresapamies.cat\/wordpress\/wp-json\/wp\/v2\/comments?post=906"}],"version-history":[{"count":1,"href":"http:\/\/www.afateresapamies.cat\/wordpress\/wp-json\/wp\/v2\/posts\/906\/revisions"}],"predecessor-version":[{"id":908,"href":"http:\/\/www.afateresapamies.cat\/wordpress\/wp-json\/wp\/v2\/posts\/906\/revisions\/908"}],"wp:attachment":[{"href":"http:\/\/www.afateresapamies.cat\/wordpress\/wp-json\/wp\/v2\/media?parent=906"}],"wp:term":[{"taxonomy":"category","embeddable":true,"href":"http:\/\/www.afateresapamies.cat\/wordpress\/wp-json\/wp\/v2\/categories?post=906"},{"taxonomy":"post_tag","embeddable":true,"href":"http:\/\/www.afateresapamies.cat\/wordpress\/wp-json\/wp\/v2\/tags?post=906"}],"curies":[{"name":"wp","href":"https:\/\/api.w.org\/{rel}","templated":true}]}}